{"id":1097,"date":"2013-10-20T20:39:16","date_gmt":"2013-10-20T16:39:16","guid":{"rendered":"http:\/\/gistlabs.net\/weblogs\/?p=1097"},"modified":"2014-09-20T12:59:18","modified_gmt":"2014-09-20T10:59:18","slug":"reforme-de-la-legislation-europeenne-sur-le-commerce-des-semences","status":"publish","type":"post","link":"https:\/\/www.gistlabs.net\/weblogs\/reforme-de-la-legislation-europeenne-sur-le-commerce-des-semences\/","title":{"rendered":"R\u00e9forme de la l\u00e9gislation europ\u00e9enne sur le commerce des semences"},"content":{"rendered":"<p><a title=\"kokopelli-semences.fr\/campagne_reforme_ue\" href=\"kokopelli-semences.fr\/campagne_reforme_ue\" rel=\"attachment wp-att-1098\"><img loading=\"lazy\" decoding=\"async\" class=\"aligncenter size-full wp-image-1098\" alt=\"logohd\" src=\"https:\/\/www.gistlabs.net\/weblogs\/wp-content\/uploads\/2013\/10\/logohd.png\" width=\"670\" height=\"279\" srcset=\"https:\/\/www.gistlabs.net\/weblogs\/wp-content\/uploads\/2013\/10\/logohd.png 670w, https:\/\/www.gistlabs.net\/weblogs\/wp-content\/uploads\/2013\/10\/logohd-300x124.png 300w\" sizes=\"auto, (max-width: 670px) 100vw, 670px\" \/><\/a><\/p>\n<p>Objet : URGENT &#8211; R\u00e9forme de la l\u00e9gislation sur le commerce des semences<\/p>\n<p>Madame, Monsieur le d\u00e9put\u00e9,<\/p>\n<p>La proposition nouvelle de R\u00e8glement europ\u00e9en sur le commerce des semences est actuellement en discussion \u00e0 la Commission Agriculture du Parlement Europ\u00e9en, dont vous \u00eates l\u2019un des membres.<br \/>\nCette r\u00e9forme se pr\u00e9sente sous un jour tr\u00e8s d\u00e9favorable pour la biodiversit\u00e9 agricole et en particulier pour la mise sur le march\u00e9, dans des conditions trop restrictives voire impossibles \u00e0 remplir, des <strong>semences de vari\u00e9t\u00e9s anciennes ou nouvelles, obtenues par pollinisation ouverte et appartenant au domaine public<\/strong> (non prot\u00e9g\u00e9es par des droits de propri\u00e9t\u00e9 intellectuelle &#8211; DPI).<\/p>\n<p>En d\u00e9finitive, la l\u00e9gislation europ\u00e9enne sur le commerce des semences, en faisant correspondre exactement les crit\u00e8res d\u2019octroi des DPI sur les vari\u00e9t\u00e9s v\u00e9g\u00e9tales avec les crit\u00e8res d\u2019autorisation des semences sur le march\u00e9, a fait du Catalogue Officiel le pr\u00e9 carr\u00e9 exclusif des vari\u00e9t\u00e9s appropri\u00e9es, qui occupent aujourd\u2019hui une place largement dominante sur le march\u00e9 des semences. Aucune r\u00e8gle sp\u00e9cifique n\u2019a jamais \u00e9t\u00e9 pr\u00e9vue pour les vari\u00e9t\u00e9s appartenant au domaine public, notre patrimoine commun, lequel ne correspond pas aux crit\u00e8res de l\u2019autorisation de mise sur le march\u00e9\/DPI. Cela a conduit \u00e0 rendre nos vari\u00e9t\u00e9s anciennes du domaine public ill\u00e9gales et \u00e0 appauvrir consid\u00e9rablement notre biodiversit\u00e9 cultiv\u00e9e, ainsi que l\u2019a relev\u00e9 la FAO \u00e0 d\u2019innombrables reprises (80% de la biodiversit\u00e9 agricole a disparu depuis 1950).<\/p>\n<p><strong>Cela est inacceptable : nous refusons que nos biens communs soient rendus ill\u00e9gaux<\/strong>. <span style=\"text-decoration: underline;\">Aucune justification de type sanitaire ou environnemental n\u2019a jamais \u00e9t\u00e9 donn\u00e9e pour cela.<\/span> Cette situation d\u00e9coule uniquement d\u2019une politique autoritaire et excessivement interventionniste, qui visait dans les ann\u00e9es 60 \u00e0 industrialiser notre agriculture pour la rendre plus productive. Cet objectif doit \u00eatre adapt\u00e9 aux imp\u00e9ratifs actuels : durabilit\u00e9 des pratiques agricoles et pr\u00e9servation de la biodiversit\u00e9.<\/p>\n<p>La l\u00e9gislation actuelle sur le commerce des semences, de m\u00eame que la proposition nouvelle de la Commission Europ\u00e9enne (DG SANCO), qui concernent les vari\u00e9t\u00e9s appropri\u00e9es \u00e0 l\u2019usage de l\u2019agriculture industrielle, sont totalement inadapt\u00e9es \u00e0 ces objectifs nouveaux. La proposition nouvelle de R\u00e8glement, en particulier, si elle feint de les consid\u00e9rer, r\u00e9duit en r\u00e9alit\u00e9 leur port\u00e9e \u00e0 n\u00e9ant.<br \/>\nC\u2019est pourquoi nous vous demandons, en tant que membre de la Commission Agriculture, de plaider pour que <strong>toutes les vari\u00e9t\u00e9s \u00e0 pollinisation ouverte du domaine public soient exclues du champ d\u2019application de cette l\u00e9gislation<\/strong>. Il s\u2019agit de la solution juridique la plus simple, car d\u2019innombrables amendements seraient n\u00e9cessaires pour rendre la proposition de R\u00e8glement compatible avec les objectifs susvis\u00e9s.<br \/>\nPour la r\u00e9gulation de certains param\u00e8tres essentiels sur les semences, tels que le taux de germination ou la qualit\u00e9 sanitaire (qui sont des crit\u00e8res absolument marginaux dans la l\u00e9gislation actuelle), les garanties applicables aux \u00ab semences standard \u00bb (telles que d\u00e9finies dans la l\u00e9gislation actuelle) sont tout \u00e0 fait suffisantes. Elles pourraient \u00eatre reprises dans un autre acte r\u00e9glementaire simple, que le Parlement pourrait inviter la Commission \u00e0 r\u00e9diger prochainement.<\/p>\n<p>Confiant dans votre volont\u00e9 de faire primer l\u2019int\u00e9r\u00eat commun sur les int\u00e9r\u00eats commerciaux de quelques entreprises multinationales et d\u2019exercer votre mandat de mani\u00e8re int\u00e8gre et responsable,<\/p>\n<p>Je vous remercie, par avance, pour votre engagement dans ce d\u00e9bat tr\u00e8s important, et vous prie de croire, Madame, Monsieur le d\u00e9put\u00e9, \u00e0 l\u2019expression de mes sentiments respectueux.<\/p>\n","protected":false},"excerpt":{"rendered":"<p>Objet : URGENT &#8211; R\u00e9forme de la l\u00e9gislation sur le commerce des semences Madame, Monsieur le d\u00e9put\u00e9, La proposition nouvelle de R\u00e8glement europ\u00e9en sur le commerce des semences est actuellement en discussion \u00e0 la Commission Agriculture du Parlement Europ\u00e9en, dont vous \u00eates l\u2019un des membres. Cette r\u00e9forme se pr\u00e9sente sous un jour tr\u00e8s d\u00e9favorable pour &hellip; <\/p>\n<p><a class=\"more-link btn\" href=\"https:\/\/www.gistlabs.net\/weblogs\/reforme-de-la-legislation-europeenne-sur-le-commerce-des-semences\/\">Continue reading<\/a><\/p>\n","protected":false},"author":1,"featured_media":0,"comment_status":"open","ping_status":"open","sticky":false,"template":"","format":"standard","meta":{"footnotes":""},"categories":[8],"tags":[],"class_list":["post-1097","post","type-post","status-publish","format-standard","hentry","category-politique","item-wrap"],"_links":{"self":[{"href":"https:\/\/www.gistlabs.net\/weblogs\/wp-json\/wp\/v2\/posts\/1097","targetHints":{"allow":["GET"]}}],"collection":[{"href":"https:\/\/www.gistlabs.net\/weblogs\/wp-json\/wp\/v2\/posts"}],"about":[{"href":"https:\/\/www.gistlabs.net\/weblogs\/wp-json\/wp\/v2\/types\/post"}],"author":[{"embeddable":true,"href":"https:\/\/www.gistlabs.net\/weblogs\/wp-json\/wp\/v2\/users\/1"}],"replies":[{"embeddable":true,"href":"https:\/\/www.gistlabs.net\/weblogs\/wp-json\/wp\/v2\/comments?post=1097"}],"version-history":[{"count":2,"href":"https:\/\/www.gistlabs.net\/weblogs\/wp-json\/wp\/v2\/posts\/1097\/revisions"}],"predecessor-version":[{"id":1218,"href":"https:\/\/www.gistlabs.net\/weblogs\/wp-json\/wp\/v2\/posts\/1097\/revisions\/1218"}],"wp:attachment":[{"href":"https:\/\/www.gistlabs.net\/weblogs\/wp-json\/wp\/v2\/media?parent=1097"}],"wp:term":[{"taxonomy":"category","embeddable":true,"href":"https:\/\/www.gistlabs.net\/weblogs\/wp-json\/wp\/v2\/categories?post=1097"},{"taxonomy":"post_tag","embeddable":true,"href":"https:\/\/www.gistlabs.net\/weblogs\/wp-json\/wp\/v2\/tags?post=1097"}],"curies":[{"name":"wp","href":"https:\/\/api.w.org\/{rel}","templated":true}]}}