{"id":1045,"date":"2013-07-06T20:26:08","date_gmt":"2013-07-06T16:26:08","guid":{"rendered":"http:\/\/gistlabs.net\/weblogs\/?p=1045"},"modified":"2014-09-20T19:34:33","modified_gmt":"2014-09-20T17:34:33","slug":"daniel-mermet-la-bas-si-jy-suis-semble-etre-responsable-de-harcelement-moral-un-pervers-narcissique-infiltre","status":"publish","type":"post","link":"https:\/\/www.gistlabs.net\/weblogs\/daniel-mermet-la-bas-si-jy-suis-semble-etre-responsable-de-harcelement-moral-un-pervers-narcissique-infiltre\/","title":{"rendered":"Daniel Mermet (L\u00e0 bas si j&#8217;y suis) semble \u00eatre responsable de Harcelement moral !! Un pervers narcissique infiltr\u00e9 ??"},"content":{"rendered":"<p><a title=\"Daniel Mermet ou les d\u00e9lices de l\u2019autogestion joyeuse\" href=\"http:\/\/www.article11.info\/?Daniel-Mermet-ou-les-delices-de-l\" rel=\"attachment wp-att-1046\"><img loading=\"lazy\" decoding=\"async\" class=\"size-full wp-image-1046 alignleft\" alt=\"Daniel-Mermet-Harcellement-moral\" src=\"https:\/\/www.gistlabs.net\/weblogs\/wp-content\/uploads\/2013\/07\/Daniel-Mermet-Harcellement-moral.jpg\" width=\"420\" height=\"280\" srcset=\"https:\/\/www.gistlabs.net\/weblogs\/wp-content\/uploads\/2013\/07\/Daniel-Mermet-Harcellement-moral.jpg 420w, https:\/\/www.gistlabs.net\/weblogs\/wp-content\/uploads\/2013\/07\/Daniel-Mermet-Harcellement-moral-300x200.jpg 300w\" sizes=\"auto, (max-width: 420px) 100vw, 420px\" \/><\/a>\u00ab\u00a0<i>L\u2019une des questions qui revient le plus souvent, quand on expose la r\u00e9alit\u00e9 sociale de cette \u00e9mission, c\u2019est\u00a0:\u00a0\u201cSi Mermet m\u00e9prise ses travailleurs, les divise et les interchange sans aucun scrupule, comment faites-vous pour supporter l\u2019\u00e9norme contradiction avec ce qu\u2019il dit tous les jours au micro\u00a0?\u201d<\/i>, observe Julien Brygo. <i>Ce qui fait tenir ce syst\u00e8me, c\u2019est l\u2019id\u00e9e selon laquelle cette \u00e9mission est la seule, la meilleure, la plus critique, la plus subversive, la plus exigeante\u2026 C\u2019est en vertu de cette r\u00e9mun\u00e9ration symbolique que les gens tiennent le coup et subissent en silence les acc\u00e8s de col\u00e8re du patron, ses insultes, ses chantages \u00e0 la valise ou ses crises existentielles. Quand le calme revient dans le bureau, apr\u00e8s s\u2019\u00eatre d\u00e9foul\u00e9 sur ses \u201cpetits\u201d, \u201cDaniel\u201d reprend inlassablement le fil de sa grande narration, de tel ou tel reportage m\u00e9morable \u00e0 Sarajevo ou \u00e0 Kaboul. Il passe sa vie \u00e0 se raconter, \u00e0 sublimer son propre r\u00e9cit, pour, toujours, alimenter sa l\u00e9gende, celle du grand r\u00e9sistant, m\u00eame en face de gens qui connaissent par c\u0153ur la moindre de ses anecdotes. N\u2019importe quelle personne qui a une fois pos\u00e9 les pieds dans son bureau se rend compte que seul le ma\u00eetre a droit \u00e0 la parole et qu\u2019il y r\u00e8gne un silence de mort. Au long des ann\u00e9es, il a fragment\u00e9 ses \u00e9quipes en cr\u00e9ant des rivalit\u00e9s factices dont il joue constamment (\u201ctu es meilleur qu\u2019elle, c\u2019est toi qui a fait le reportage le plus modeste et g\u00e9nial\u201d) pour consolider son tr\u00f4ne et r\u00e9gner en divisant. Il en r\u00e9sulte un esprit de comp\u00e9tition et de soumission qui ne rend pas l\u2019\u00e9mission meilleure, au contraire. On dit qu\u2019on ne fait pas d\u2019omelette sans casser des \u0153ufs&#8230; Chez Mermet, on voit bien les \u0153ufs cass\u00e9s. Mais o\u00f9 est l\u2019omelette\u00a0?<\/i>\u00a0\u00bb<\/p>\n<p><a title=\"Conflits a la bas si j y suis\" href=\"http:\/\/www.acrimed.org\/article1397.html\">Conflit \u00e0 \u00ab\u00a0L\u00e0-bas si j\u2019y suis\u00a0\u00bb<\/a> ,\u00a0 <a title=\"Daniel Mermet ou les d\u00e9lices de l\u2019autogestion joyeuse\" href=\"http:\/\/www.article11.info\/?Daniel-Mermet-ou-les-delices-de-l\">Daniel Mermet ou les d\u00e9lices de \u00ab\u00a0l\u2019autogestion joyeuse\u00a0\u00bb<\/a> , <a href=\"http:\/\/www.rue89.com\/2013\/07\/06\/harcelement-moral-chez-mermet-emoi-ligne-embarras-a-radio-france-243990\">Harc\u00e8lement moral chez Mermet\u00a0: \u00e9moi en ligne, embarras \u00e0 Radio France<\/a> , <a href=\"https:\/\/www.gistlabs.net\/weblogs\/index.php\/2013\/daniel-mermet-la-bas-si-jy-suis-semble-etre-responsable-de-harcelement-moral-un-pervers-narcissique-infiltre\/tract_mermet_2004\/\" rel=\"attachment wp-att-1055\">le tract syndical contre la pr\u00e9carit\u00e9 selon Daniel Mermet<\/a> et <a title=\"La vie de bureau chez mermet\" href=\"http:\/\/www.cequilfautdetruire.org\/spip.php?article51\">La vie de bureau chez Mermet<\/a><\/p>\n","protected":false},"excerpt":{"rendered":"<p>\u00ab\u00a0L\u2019une des questions qui revient le plus souvent, quand on expose la r\u00e9alit\u00e9 sociale de cette \u00e9mission, c\u2019est\u00a0:\u00a0\u201cSi Mermet m\u00e9prise ses travailleurs, les divise et les interchange sans aucun scrupule, comment faites-vous pour supporter l\u2019\u00e9norme contradiction avec ce qu\u2019il dit tous les jours au micro\u00a0?\u201d, observe Julien Brygo. Ce qui fait tenir ce syst\u00e8me, c\u2019est &hellip; <\/p>\n<p><a class=\"more-link btn\" href=\"https:\/\/www.gistlabs.net\/weblogs\/daniel-mermet-la-bas-si-jy-suis-semble-etre-responsable-de-harcelement-moral-un-pervers-narcissique-infiltre\/\">Continue reading<\/a><\/p>\n","protected":false},"author":1,"featured_media":0,"comment_status":"open","ping_status":"open","sticky":false,"template":"","format":"standard","meta":{"footnotes":""},"categories":[7,8],"tags":[276,275,278,279,277],"class_list":["post-1045","post","type-post","status-publish","format-standard","hentry","category-philosophie","category-politique","tag-daniel","tag-mermet","tag-narcissique","tag-patron","tag-pervers","item-wrap"],"_links":{"self":[{"href":"https:\/\/www.gistlabs.net\/weblogs\/wp-json\/wp\/v2\/posts\/1045","targetHints":{"allow":["GET"]}}],"collection":[{"href":"https:\/\/www.gistlabs.net\/weblogs\/wp-json\/wp\/v2\/posts"}],"about":[{"href":"https:\/\/www.gistlabs.net\/weblogs\/wp-json\/wp\/v2\/types\/post"}],"author":[{"embeddable":true,"href":"https:\/\/www.gistlabs.net\/weblogs\/wp-json\/wp\/v2\/users\/1"}],"replies":[{"embeddable":true,"href":"https:\/\/www.gistlabs.net\/weblogs\/wp-json\/wp\/v2\/comments?post=1045"}],"version-history":[{"count":9,"href":"https:\/\/www.gistlabs.net\/weblogs\/wp-json\/wp\/v2\/posts\/1045\/revisions"}],"predecessor-version":[{"id":1227,"href":"https:\/\/www.gistlabs.net\/weblogs\/wp-json\/wp\/v2\/posts\/1045\/revisions\/1227"}],"wp:attachment":[{"href":"https:\/\/www.gistlabs.net\/weblogs\/wp-json\/wp\/v2\/media?parent=1045"}],"wp:term":[{"taxonomy":"category","embeddable":true,"href":"https:\/\/www.gistlabs.net\/weblogs\/wp-json\/wp\/v2\/categories?post=1045"},{"taxonomy":"post_tag","embeddable":true,"href":"https:\/\/www.gistlabs.net\/weblogs\/wp-json\/wp\/v2\/tags?post=1045"}],"curies":[{"name":"wp","href":"https:\/\/api.w.org\/{rel}","templated":true}]}}